{"id":3559,"date":"2024-06-10T20:29:47","date_gmt":"2024-06-10T23:29:47","guid":{"rendered":"https:\/\/greenplay.tananuvem.com\/?p=3559"},"modified":"2024-06-10T20:29:49","modified_gmt":"2024-06-10T23:29:49","slug":"inaugurado-edificio-autossuficiente-em-energia-no-rio-de-janeiro","status":"publish","type":"post","link":"https:\/\/greenplay.com.br\/en\/2024\/06\/inaugurado-edificio-autossuficiente-em-energia-no-rio-de-janeiro\/","title":{"rendered":"Inaugurado Edif\u00edcio Autossuficiente em Energia no Rio de Janeiro"},"content":{"rendered":"<p><br>O ministro de Minas e Energia, Alexandre Silveira, inaugurou um espa\u00e7o autossuficiente em energia, constru\u00eddo pelo Centro de Pesquisas de Energia El\u00e9trica (Cepel) no Rio de Janeiro.<br><br>O projeto destaca-se como um Near Zero Energy Building (NZEB), um tipo de constru\u00e7\u00e3o de alta efici\u00eancia energ\u00e9tica projetada para manter um balan\u00e7o energ\u00e9tico anual pr\u00f3ximo de zero. Consomem uma quantidade m\u00ednima de energia, sendo que a maior parte prov\u00e9m de fontes renov\u00e1veis geradas no pr\u00f3prio local.<\/p>\n\n\n\n<figure class=\"wp-block-image size-full\"><img fetchpriority=\"high\" decoding=\"async\" width=\"600\" height=\"341\" src=\"https:\/\/greenplay.com.br\/wp-content\/uploads\/2024\/06\/Edificio-Autossuficiente-2.jpg\" alt=\"\" class=\"wp-image-3561\" srcset=\"https:\/\/greenplay.com.br\/wp-content\/uploads\/2024\/06\/Edificio-Autossuficiente-2.jpg 600w, https:\/\/greenplay.com.br\/wp-content\/uploads\/2024\/06\/Edificio-Autossuficiente-2-300x171.jpg 300w, https:\/\/greenplay.com.br\/wp-content\/uploads\/2024\/06\/Edificio-Autossuficiente-2-18x10.jpg 18w\" sizes=\"(max-width: 600px) 100vw, 600px\" \/><\/figure>\n\n\n\n<p>Segundo o governo, o objetivo do novo espa\u00e7o \u00e9 servir de modelo para futuros projetos de edifica\u00e7\u00f5es energeticamente eficientes. A constru\u00e7\u00e3o do edif\u00edcio foi financiada pelo Programa Nacional de Conserva\u00e7\u00e3o Energ\u00e9tica (Procel), ap\u00f3s um concurso coordenado pelo Minist\u00e9rio de Minas e Energia. Durante a cerim\u00f4nia de inaugura\u00e7\u00e3o, o edif\u00edcio receber\u00e1 o selo Procel Edifica na categoria de edifica\u00e7\u00f5es comerciais, de servi\u00e7o e p\u00fablicas, uma distin\u00e7\u00e3o para constru\u00e7\u00f5es que apresentam um desempenho energ\u00e9tico excepcional.<br><br>O concurso que viabilizou o projeto tinha como objetivo incentivar a apresenta\u00e7\u00e3o de propostas para o desenvolvimento de edif\u00edcios autossuficientes em energia. Estes edif\u00edcios devem funcionar como centros de demonstra\u00e7\u00e3o, exibindo t\u00e9cnicas construtivas e tecnologias energ\u00e9ticas capazes de produzir quase toda a energia que consomem.<br><br>O Procel \u00e9 financiado por recursos ordin\u00e1rios da Eletrobras, pela Reserva Global de Revers\u00e3o (RGR), por fundos internacionais e por 20% da receita que as distribuidoras de energia destinam a projetos de efici\u00eancia energ\u00e9tica.<br><br>Durante a inaugura\u00e7\u00e3o, o minist\u00e9rio anunciar\u00e1 uma chamada p\u00fablica para projetos de Energia Zero no setor p\u00fablico. Ser\u00e3o disponibilizados R$ 100 milh\u00f5es para financiar reformas que visam melhorar a efici\u00eancia energ\u00e9tica de pr\u00e9dios p\u00fablicos, como escolas, hospitais, postos de sa\u00fade e edif\u00edcios administrativos.<\/p>","protected":false},"excerpt":{"rendered":"<p>O ministro de Minas e Energia, Alexandre Silveira, inaugurou um espa\u00e7o autossuficiente em energia, constru\u00eddo pelo Centro de Pesquisas de Energia El\u00e9trica (Cepel) no Rio de Janeiro. O projeto destaca-se [&hellip;]<\/p>\n","protected":false},"author":1,"featured_media":3560,"comment_status":"closed","ping_status":"closed","sticky":false,"template":"","format":"standard","meta":{"footnotes":""},"categories":[4],"tags":[730,12,446,15,17,9,10,8,13,11,16,792,14],"class_list":["post-3559","post","type-post","status-publish","format-standard","has-post-thumbnail","hentry","category-noticias","tag-construcaosustentavel","tag-ecologia","tag-eficienciaenergetica","tag-greenplay","tag-noticiasdesustentabilidade","tag-qualidadedevida","tag-radiogreenfm","tag-sustentabilidade","tag-sustentabilidadeambiental","tag-sustentabilidadecriativa","tag-sustentabilidadenapratica","tag-tecnologiaverde","tag-vidasaudavel"],"_links":{"self":[{"href":"https:\/\/greenplay.com.br\/en\/wp-json\/wp\/v2\/posts\/3559","targetHints":{"allow":["GET"]}}],"collection":[{"href":"https:\/\/greenplay.com.br\/en\/wp-json\/wp\/v2\/posts"}],"about":[{"href":"https:\/\/greenplay.com.br\/en\/wp-json\/wp\/v2\/types\/post"}],"author":[{"embeddable":true,"href":"https:\/\/greenplay.com.br\/en\/wp-json\/wp\/v2\/users\/1"}],"replies":[{"embeddable":true,"href":"https:\/\/greenplay.com.br\/en\/wp-json\/wp\/v2\/comments?post=3559"}],"version-history":[{"count":1,"href":"https:\/\/greenplay.com.br\/en\/wp-json\/wp\/v2\/posts\/3559\/revisions"}],"predecessor-version":[{"id":3562,"href":"https:\/\/greenplay.com.br\/en\/wp-json\/wp\/v2\/posts\/3559\/revisions\/3562"}],"wp:featuredmedia":[{"embeddable":true,"href":"https:\/\/greenplay.com.br\/en\/wp-json\/wp\/v2\/media\/3560"}],"wp:attachment":[{"href":"https:\/\/greenplay.com.br\/en\/wp-json\/wp\/v2\/media?parent=3559"}],"wp:term":[{"taxonomy":"category","embeddable":true,"href":"https:\/\/greenplay.com.br\/en\/wp-json\/wp\/v2\/categories?post=3559"},{"taxonomy":"post_tag","embeddable":true,"href":"https:\/\/greenplay.com.br\/en\/wp-json\/wp\/v2\/tags?post=3559"}],"curies":[{"name":"wp","href":"https:\/\/api.w.org\/{rel}","templated":true}]}}