{"id":4537,"date":"2024-10-13T19:31:51","date_gmt":"2024-10-13T22:31:51","guid":{"rendered":"https:\/\/greenplay.tananuvem.com\/?p=4537"},"modified":"2024-10-13T19:31:54","modified_gmt":"2024-10-13T22:31:54","slug":"tecido-natural-promete-combater-calor-urbano-e-reduzir-dependencia-de-ar-condicionado","status":"publish","type":"post","link":"https:\/\/greenplay.com.br\/en\/2024\/10\/tecido-natural-promete-combater-calor-urbano-e-reduzir-dependencia-de-ar-condicionado\/","title":{"rendered":"Tecido Natural Promete Combater Calor Urbano e Reduzir Depend\u00eancia de Ar-Condicionado"},"content":{"rendered":"<p>Uma equipe de pesquisadores internacionais desenvolveu um tecido natural destinado a ajudar os habitantes urbanos a combater o aumento das temperaturas causadas pela urbaniza\u00e7\u00e3o, incluindo edif\u00edcios, asfalto e concreto. \u00c0 medida que as ondas de calor se tornam mais frequentes, esses t\u00eaxteis de resfriamento, que podem ser incorporados em roupas, chap\u00e9us e at\u00e9 superf\u00edcies de edif\u00edcios, oferecem uma alternativa ao uso de condicionadores de ar que emitem gases de efeito estufa.<br><br>Os engenheiros da Universidade de Zhengzhou e da Universidade da Austr\u00e1lia do Sul projetaram o tecido para refletir a luz solar e permitir a dissipa\u00e7\u00e3o do calor. Em um artigo publicado na revista Science Bulletin, eles destacam que essa inova\u00e7\u00e3o pode proporcionar al\u00edvio a milh\u00f5es de moradores de cidades que enfrentam temperaturas crescentes devido \u00e0s mudan\u00e7as clim\u00e1ticas e \u00e0 redu\u00e7\u00e3o de espa\u00e7os verdes.<\/p>\n\n\n\n<figure class=\"wp-block-image size-full\"><img fetchpriority=\"high\" decoding=\"async\" width=\"600\" height=\"424\" src=\"https:\/\/greenplay.com.br\/wp-content\/uploads\/2024\/10\/Tecido-Natural-2.jpg\" alt=\"\" class=\"wp-image-4539\" srcset=\"https:\/\/greenplay.com.br\/wp-content\/uploads\/2024\/10\/Tecido-Natural-2.jpg 600w, https:\/\/greenplay.com.br\/wp-content\/uploads\/2024\/10\/Tecido-Natural-2-300x212.jpg 300w, https:\/\/greenplay.com.br\/wp-content\/uploads\/2024\/10\/Tecido-Natural-2-18x12.jpg 18w\" sizes=\"(max-width: 600px) 100vw, 600px\" \/><\/figure>\n\n\n\n<p>O tecido \u00e9 composto por tr\u00eas camadas: a camada superior \u00e9 feita de fibras de polimetilpenteno, que permitem a irradia\u00e7\u00e3o do calor; a camada do meio, feita de nanofios de prata, aumenta a refletividade; e a camada inferior, feita de l\u00e3, afasta o calor da pele. Esses elementos garantem que os usu\u00e1rios permane\u00e7am frescos, mesmo em ambientes urbanos quentes, com testes mostrando que o tecido pode ser at\u00e9 6,2 \u00b0C mais frio do que o ambiente ao redor.<\/p>\n\n\n\n<figure class=\"wp-block-image size-full\"><img decoding=\"async\" width=\"600\" height=\"401\" src=\"https:\/\/greenplay.com.br\/wp-content\/uploads\/2024\/10\/Tecido-Natural-3.jpg\" alt=\"\" class=\"wp-image-4540\" srcset=\"https:\/\/greenplay.com.br\/wp-content\/uploads\/2024\/10\/Tecido-Natural-3.jpg 600w, https:\/\/greenplay.com.br\/wp-content\/uploads\/2024\/10\/Tecido-Natural-3-300x201.jpg 300w, https:\/\/greenplay.com.br\/wp-content\/uploads\/2024\/10\/Tecido-Natural-3-18x12.jpg 18w\" sizes=\"(max-width: 600px) 100vw, 600px\" \/><\/figure>\n\n\n\n<p>Os pesquisadores ressaltam que essa tecnologia n\u00e3o apenas aborda o problema das ilhas de calor urbanas, mas tamb\u00e9m contribui para esfor\u00e7os mais amplos de mitiga\u00e7\u00e3o das mudan\u00e7as clim\u00e1ticas. Existe esperan\u00e7a de que o tecido possa ser adaptado para outras aplica\u00e7\u00f5es, como materiais de constru\u00e7\u00e3o e m\u00f3veis para \u00e1reas externas.<br><br>O sucesso comercial do tecido depender\u00e1 da disposi\u00e7\u00e3o dos consumidores em pagar mais por esses produtos, levando em considera\u00e7\u00e3o o efeito de resfriamento, durabilidade, conforto e consci\u00eancia ambiental.<\/p>","protected":false},"excerpt":{"rendered":"<p>Uma equipe de pesquisadores internacionais desenvolveu um tecido natural destinado a ajudar os habitantes urbanos a combater o aumento das temperaturas causadas pela urbaniza\u00e7\u00e3o, incluindo edif\u00edcios, asfalto e concreto. \u00c0 [&hellip;]<\/p>\n","protected":false},"author":1,"featured_media":4538,"comment_status":"closed","ping_status":"closed","sticky":false,"template":"","format":"standard","meta":{"footnotes":""},"categories":[4],"tags":[29,309,12,15,17,9,10,1105,8,13,11,16,1104,14],"class_list":["post-4537","post","type-post","status-publish","format-standard","has-post-thumbnail","hentry","category-noticias","tag-cienciasustentavel","tag-cienciaverde","tag-ecologia","tag-greenplay","tag-noticiasdesustentabilidade","tag-qualidadedevida","tag-radiogreenfm","tag-resfriamentourbano","tag-sustentabilidade","tag-sustentabilidadeambiental","tag-sustentabilidadecriativa","tag-sustentabilidadenapratica","tag-tecidonatural","tag-vidasaudavel"],"_links":{"self":[{"href":"https:\/\/greenplay.com.br\/en\/wp-json\/wp\/v2\/posts\/4537","targetHints":{"allow":["GET"]}}],"collection":[{"href":"https:\/\/greenplay.com.br\/en\/wp-json\/wp\/v2\/posts"}],"about":[{"href":"https:\/\/greenplay.com.br\/en\/wp-json\/wp\/v2\/types\/post"}],"author":[{"embeddable":true,"href":"https:\/\/greenplay.com.br\/en\/wp-json\/wp\/v2\/users\/1"}],"replies":[{"embeddable":true,"href":"https:\/\/greenplay.com.br\/en\/wp-json\/wp\/v2\/comments?post=4537"}],"version-history":[{"count":1,"href":"https:\/\/greenplay.com.br\/en\/wp-json\/wp\/v2\/posts\/4537\/revisions"}],"predecessor-version":[{"id":4541,"href":"https:\/\/greenplay.com.br\/en\/wp-json\/wp\/v2\/posts\/4537\/revisions\/4541"}],"wp:featuredmedia":[{"embeddable":true,"href":"https:\/\/greenplay.com.br\/en\/wp-json\/wp\/v2\/media\/4538"}],"wp:attachment":[{"href":"https:\/\/greenplay.com.br\/en\/wp-json\/wp\/v2\/media?parent=4537"}],"wp:term":[{"taxonomy":"category","embeddable":true,"href":"https:\/\/greenplay.com.br\/en\/wp-json\/wp\/v2\/categories?post=4537"},{"taxonomy":"post_tag","embeddable":true,"href":"https:\/\/greenplay.com.br\/en\/wp-json\/wp\/v2\/tags?post=4537"}],"curies":[{"name":"wp","href":"https:\/\/api.w.org\/{rel}","templated":true}]}}