{"id":5661,"date":"2025-03-07T23:05:31","date_gmt":"2025-03-08T02:05:31","guid":{"rendered":"https:\/\/greenplay.tananuvem.com\/?p=5661"},"modified":"2025-03-04T23:09:29","modified_gmt":"2025-03-05T02:09:29","slug":"asas-para-o-futuro-fortalece-a-presenca-feminina-em-ciencia-e-inovacao","status":"publish","type":"post","link":"https:\/\/greenplay.com.br\/en\/2025\/03\/asas-para-o-futuro-fortalece-a-presenca-feminina-em-ciencia-e-inovacao\/","title":{"rendered":"Asas Para o Futuro Fortalece a Presen\u00e7a Feminina em Ci\u00eancia e Inova\u00e7\u00e3o"},"content":{"rendered":"<p>O governo federal lan\u00e7ou o Programa Asas para o Futuro, visando ampliar a participa\u00e7\u00e3o de jovens mulheres na transi\u00e7\u00e3o energ\u00e9tica e sustentabilidade socioecon\u00f4mica. O programa foca na forma\u00e7\u00e3o de carreiras em \u00e1reas estrat\u00e9gicas, como tecnologia, energia, ci\u00eancia e inova\u00e7\u00e3o, e beneficia jovens entre 15 e 29 anos em situa\u00e7\u00e3o de vulnerabilidade. A iniciativa prioriza mulheres de zonas rurais e com inscri\u00e7\u00e3o no Cad\u00danico, al\u00e9m de apoiar mulheres negras, ind\u00edgenas, m\u00e3es e aquelas residentes em favelas ou comunidades urbanas.<\/p>\n\n\n\n<figure class=\"wp-block-image size-full\"><img fetchpriority=\"high\" decoding=\"async\" width=\"600\" height=\"336\" src=\"https:\/\/greenplay.com.br\/wp-content\/uploads\/2025\/03\/Asas-Para-o-Futuro-2.jpg\" alt=\"\" class=\"wp-image-5663\" srcset=\"https:\/\/greenplay.com.br\/wp-content\/uploads\/2025\/03\/Asas-Para-o-Futuro-2.jpg 600w, https:\/\/greenplay.com.br\/wp-content\/uploads\/2025\/03\/Asas-Para-o-Futuro-2-300x168.jpg 300w, https:\/\/greenplay.com.br\/wp-content\/uploads\/2025\/03\/Asas-Para-o-Futuro-2-18x10.jpg 18w\" sizes=\"(max-width: 600px) 100vw, 600px\" \/><\/figure>\n\n\n\n<p>A cria\u00e7\u00e3o do programa resulta de uma parceria entre diversos minist\u00e9rios e a Secretaria-Geral da Presid\u00eancia da Rep\u00fablica. O lan\u00e7amento foi oficializado atrav\u00e9s de uma portaria publicada no Di\u00e1rio Oficial da Uni\u00e3o, em 24 de fevereiro. O objetivo \u00e9 inserir mulheres em setores com baixa participa\u00e7\u00e3o feminina, incentivando a sua presen\u00e7a em \u00e1reas estrat\u00e9gicas para o desenvolvimento sustent\u00e1vel do pa\u00eds.<\/p>\n\n\n\n<p>A implementa\u00e7\u00e3o do programa ser\u00e1 realizada por meio de parcerias com \u00f3rg\u00e3os da administra\u00e7\u00e3o p\u00fablica e organiza\u00e7\u00f5es da sociedade civil. As a\u00e7\u00f5es est\u00e3o centradas em tr\u00eas eixos principais: inser\u00e7\u00e3o no mercado de trabalho, qualifica\u00e7\u00e3o sociopol\u00edtica e sensibiliza\u00e7\u00e3o da sociedade. A capacita\u00e7\u00e3o profissional das participantes ser\u00e1 abordada de forma transversal, levando em conta quest\u00f5es de g\u00eanero, ra\u00e7a e etnia.<\/p>\n\n\n\n<figure class=\"wp-block-image size-full\"><img decoding=\"async\" width=\"600\" height=\"337\" src=\"https:\/\/greenplay.com.br\/wp-content\/uploads\/2025\/03\/Asas-Para-o-Futuro-3.jpg\" alt=\"\" class=\"wp-image-5664\" srcset=\"https:\/\/greenplay.com.br\/wp-content\/uploads\/2025\/03\/Asas-Para-o-Futuro-3.jpg 600w, https:\/\/greenplay.com.br\/wp-content\/uploads\/2025\/03\/Asas-Para-o-Futuro-3-300x169.jpg 300w, https:\/\/greenplay.com.br\/wp-content\/uploads\/2025\/03\/Asas-Para-o-Futuro-3-18x10.jpg 18w\" sizes=\"(max-width: 600px) 100vw, 600px\" \/><\/figure>\n\n\n\n<p>O programa visa garantir a equidade de oportunidades no acesso ao mercado de trabalho, com \u00eanfase na inser\u00e7\u00e3o das mulheres em setores tradicionalmente dominados por homens. A forma\u00e7\u00e3o tamb\u00e9m inclui aspectos de empoderamento social, promovendo a consci\u00eancia sobre os direitos das mulheres e a import\u00e2ncia da diversidade no ambiente de trabalho. A gest\u00e3o do programa ser\u00e1 realizada por um Comit\u00ea Gestor, composto por representantes dos minist\u00e9rios envolvidos, e ser\u00e1 coordenado pelo Minist\u00e9rio das Mulheres.<\/p>","protected":false},"excerpt":{"rendered":"<p>O governo federal lan\u00e7ou o Programa Asas para o Futuro, visando ampliar a participa\u00e7\u00e3o de jovens mulheres na transi\u00e7\u00e3o energ\u00e9tica e sustentabilidade socioecon\u00f4mica. O programa foca na forma\u00e7\u00e3o de carreiras [&hellip;]<\/p>\n","protected":false},"author":1,"featured_media":5662,"comment_status":"closed","ping_status":"closed","sticky":false,"template":"","format":"standard","meta":{"footnotes":""},"categories":[4],"tags":[12,15,17,1446,9,10,8,13,11,16,1447,87,14],"class_list":["post-5661","post","type-post","status-publish","format-standard","has-post-thumbnail","hentry","category-noticias","tag-ecologia","tag-greenplay","tag-noticiasdesustentabilidade","tag-programaasasparaofuturo","tag-qualidadedevida","tag-radiogreenfm","tag-sustentabilidade","tag-sustentabilidadeambiental","tag-sustentabilidadecriativa","tag-sustentabilidadenapratica","tag-tecnologiaeinovacao","tag-transicaoenergetica","tag-vidasaudavel"],"_links":{"self":[{"href":"https:\/\/greenplay.com.br\/en\/wp-json\/wp\/v2\/posts\/5661","targetHints":{"allow":["GET"]}}],"collection":[{"href":"https:\/\/greenplay.com.br\/en\/wp-json\/wp\/v2\/posts"}],"about":[{"href":"https:\/\/greenplay.com.br\/en\/wp-json\/wp\/v2\/types\/post"}],"author":[{"embeddable":true,"href":"https:\/\/greenplay.com.br\/en\/wp-json\/wp\/v2\/users\/1"}],"replies":[{"embeddable":true,"href":"https:\/\/greenplay.com.br\/en\/wp-json\/wp\/v2\/comments?post=5661"}],"version-history":[{"count":1,"href":"https:\/\/greenplay.com.br\/en\/wp-json\/wp\/v2\/posts\/5661\/revisions"}],"predecessor-version":[{"id":5665,"href":"https:\/\/greenplay.com.br\/en\/wp-json\/wp\/v2\/posts\/5661\/revisions\/5665"}],"wp:featuredmedia":[{"embeddable":true,"href":"https:\/\/greenplay.com.br\/en\/wp-json\/wp\/v2\/media\/5662"}],"wp:attachment":[{"href":"https:\/\/greenplay.com.br\/en\/wp-json\/wp\/v2\/media?parent=5661"}],"wp:term":[{"taxonomy":"category","embeddable":true,"href":"https:\/\/greenplay.com.br\/en\/wp-json\/wp\/v2\/categories?post=5661"},{"taxonomy":"post_tag","embeddable":true,"href":"https:\/\/greenplay.com.br\/en\/wp-json\/wp\/v2\/tags?post=5661"}],"curies":[{"name":"wp","href":"https:\/\/api.w.org\/{rel}","templated":true}]}}