{"id":5985,"date":"2025-04-08T12:45:29","date_gmt":"2025-04-08T15:45:29","guid":{"rendered":"https:\/\/greenplay.tananuvem.com\/?p=5985"},"modified":"2025-04-04T12:47:29","modified_gmt":"2025-04-04T15:47:29","slug":"concursos-incentivam-a-criacao-de-reportagens-audiovisuais-sobre-sustentabilidade","status":"publish","type":"post","link":"https:\/\/greenplay.com.br\/en\/2025\/04\/concursos-incentivam-a-criacao-de-reportagens-audiovisuais-sobre-sustentabilidade\/","title":{"rendered":"Concursos Incentivam a Cria\u00e7\u00e3o de Reportagens Audiovisuais Sobre Sustentabilidade"},"content":{"rendered":"<p>O Conv\u00eanio Linha Ecol\u00f3gica \u2013 Educa\u00e7\u00e3o, Cultura e Sustentabilidade, parceria entre Itaipu Binacional e o Conselho de Desenvolvimento dos Munic\u00edpios Lindeiros ao Lago de Itaipu, lan\u00e7ou a primeira edi\u00e7\u00e3o do concurso Jornal Ambiental Linha Ecol\u00f3gica. As inscri\u00e7\u00f5es j\u00e1 est\u00e3o abertas para os 55 munic\u00edpios do conv\u00eanio. A iniciativa faz parte das campanhas do Dia Mundial da \u00c1gua, em 22 de mar\u00e7o, e do Dia Mundial do Meio Ambiente, em 5 de junho. \u00a0<\/p>\n\n\n\n<figure class=\"wp-block-image size-full\"><img fetchpriority=\"high\" decoding=\"async\" width=\"700\" height=\"361\" src=\"https:\/\/greenplay.com.br\/wp-content\/uploads\/2025\/04\/concurso-04-25-02.jpg\" alt=\"\" class=\"wp-image-5987\" srcset=\"https:\/\/greenplay.com.br\/wp-content\/uploads\/2025\/04\/concurso-04-25-02.jpg 700w, https:\/\/greenplay.com.br\/wp-content\/uploads\/2025\/04\/concurso-04-25-02-300x155.jpg 300w, https:\/\/greenplay.com.br\/wp-content\/uploads\/2025\/04\/concurso-04-25-02-18x9.jpg 18w\" sizes=\"(max-width: 700px) 100vw, 700px\" \/><\/figure>\n\n\n\n<p>O concurso busca incentivar o pensamento cr\u00edtico dos alunos sobre quest\u00f5es ambientais, como sustentabilidade, uso consciente da \u00e1gua e mudan\u00e7as clim\u00e1ticas. Os participantes produzir\u00e3o reportagens audiovisuais destacando boas pr\u00e1ticas ambientais em suas comunidades. O objetivo \u00e9 ampliar a conscientiza\u00e7\u00e3o sobre a preserva\u00e7\u00e3o do meio ambiente por meio do jornalismo estudantil. \u00a0<\/p>\n\n\n\n<figure class=\"wp-block-image size-full\"><img decoding=\"async\" width=\"655\" height=\"363\" src=\"https:\/\/greenplay.com.br\/wp-content\/uploads\/2025\/04\/concurso-04-25-03.jpg\" alt=\"\" class=\"wp-image-5988\" srcset=\"https:\/\/greenplay.com.br\/wp-content\/uploads\/2025\/04\/concurso-04-25-03.jpg 655w, https:\/\/greenplay.com.br\/wp-content\/uploads\/2025\/04\/concurso-04-25-03-300x166.jpg 300w, https:\/\/greenplay.com.br\/wp-content\/uploads\/2025\/04\/concurso-04-25-03-18x10.jpg 18w\" sizes=\"(max-width: 655px) 100vw, 655px\" \/><\/figure>\n\n\n\n<p>Os v\u00eddeos dever\u00e3o seguir o formato de reportagem jornal\u00edstica e ser\u00e3o avaliados em duas fases: municipal e regional. Na etapa municipal, as secretarias de educa\u00e7\u00e3o, gestores ambientais e culturais organizar\u00e3o a sele\u00e7\u00e3o local. Professores interessados devem inscrever suas turmas pelo site do Conselho dos Lindeiros at\u00e9 9 de maio de 2025. \u00a0<br><br>Os vencedores da etapa municipal receber\u00e3o kits ecol\u00f3gicos e certificados, al\u00e9m da chance de competir na fase regional. Na categoria de voto popular, os v\u00eddeos ser\u00e3o postados no Instagram do projeto, e a vota\u00e7\u00e3o ser\u00e1 baseada no n\u00famero de curtidas. J\u00e1 na an\u00e1lise t\u00e9cnica, uma comiss\u00e3o avaliar\u00e1 os trabalhos conforme crit\u00e9rios do regulamento. Os tr\u00eas melhores v\u00eddeos de cada categoria ganhar\u00e3o visitas t\u00e9cnicas a locais como a Usina de Itaipu e o Parque Nacional do Igua\u00e7u. \u00a0<br><br>O concurso representa uma oportunidade para os estudantes expandirem sua consci\u00eancia ambiental e divulgarem iniciativas sustent\u00e1veis. O projeto pretende inspirar a\u00e7\u00f5es concretas em prol da preserva\u00e7\u00e3o ambiental. \u00a0<\/p>","protected":false},"excerpt":{"rendered":"<p>O Conv\u00eanio Linha Ecol\u00f3gica \u2013 Educa\u00e7\u00e3o, Cultura e Sustentabilidade, parceria entre Itaipu Binacional e o Conselho de Desenvolvimento dos Munic\u00edpios Lindeiros ao Lago de Itaipu, lan\u00e7ou a primeira edi\u00e7\u00e3o do [&hellip;]<\/p>\n","protected":false},"author":1,"featured_media":5986,"comment_status":"closed","ping_status":"closed","sticky":false,"template":"","format":"standard","meta":{"footnotes":""},"categories":[4],"tags":[12,481,15,1529,1530,17,9,10,8,13,11,16,14],"class_list":["post-5985","post","type-post","status-publish","format-standard","has-post-thumbnail","hentry","category-noticias","tag-ecologia","tag-educacao","tag-greenplay","tag-jornalismoestudantil","tag-linhaecologica","tag-noticiasdesustentabilidade","tag-qualidadedevida","tag-radiogreenfm","tag-sustentabilidade","tag-sustentabilidadeambiental","tag-sustentabilidadecriativa","tag-sustentabilidadenapratica","tag-vidasaudavel"],"_links":{"self":[{"href":"https:\/\/greenplay.com.br\/en\/wp-json\/wp\/v2\/posts\/5985","targetHints":{"allow":["GET"]}}],"collection":[{"href":"https:\/\/greenplay.com.br\/en\/wp-json\/wp\/v2\/posts"}],"about":[{"href":"https:\/\/greenplay.com.br\/en\/wp-json\/wp\/v2\/types\/post"}],"author":[{"embeddable":true,"href":"https:\/\/greenplay.com.br\/en\/wp-json\/wp\/v2\/users\/1"}],"replies":[{"embeddable":true,"href":"https:\/\/greenplay.com.br\/en\/wp-json\/wp\/v2\/comments?post=5985"}],"version-history":[{"count":1,"href":"https:\/\/greenplay.com.br\/en\/wp-json\/wp\/v2\/posts\/5985\/revisions"}],"predecessor-version":[{"id":5989,"href":"https:\/\/greenplay.com.br\/en\/wp-json\/wp\/v2\/posts\/5985\/revisions\/5989"}],"wp:featuredmedia":[{"embeddable":true,"href":"https:\/\/greenplay.com.br\/en\/wp-json\/wp\/v2\/media\/5986"}],"wp:attachment":[{"href":"https:\/\/greenplay.com.br\/en\/wp-json\/wp\/v2\/media?parent=5985"}],"wp:term":[{"taxonomy":"category","embeddable":true,"href":"https:\/\/greenplay.com.br\/en\/wp-json\/wp\/v2\/categories?post=5985"},{"taxonomy":"post_tag","embeddable":true,"href":"https:\/\/greenplay.com.br\/en\/wp-json\/wp\/v2\/tags?post=5985"}],"curies":[{"name":"wp","href":"https:\/\/api.w.org\/{rel}","templated":true}]}}