{"id":6372,"date":"2025-05-17T20:42:25","date_gmt":"2025-05-17T23:42:25","guid":{"rendered":"https:\/\/greenplay.tananuvem.com\/?p=6372"},"modified":"2025-05-19T20:46:36","modified_gmt":"2025-05-19T23:46:36","slug":"especialistas-propoem-mudancas-na-dermatologia-para-proteger-o-meio-ambiente","status":"publish","type":"post","link":"https:\/\/greenplay.com.br\/en\/2025\/05\/especialistas-propoem-mudancas-na-dermatologia-para-proteger-o-meio-ambiente\/","title":{"rendered":"Especialistas Prop\u00f5em Mudan\u00e7as na Dermatologia Para Proteger o Meio Ambiente"},"content":{"rendered":"<p>O impacto ambiental da dermatologia \u00e9 uma quest\u00e3o crescente, e especialistas defendem a necessidade de a\u00e7\u00f5es sustent\u00e1veis na pr\u00e1tica m\u00e9dica. A \u00e1rea da sa\u00fade contribui significativamente para as emiss\u00f5es globais de CO\u2082, e a dermatologia, em particular, utiliza muitos produtos e procedimentos que podem prejudicar o meio ambiente. Isso inclui desde o uso de embalagens pl\u00e1sticas at\u00e9 ingredientes que n\u00e3o se degradam facilmente e contaminam o solo e a \u00e1gua.<\/p>\n\n\n\n<figure class=\"wp-block-image size-full\"><img fetchpriority=\"high\" decoding=\"async\" width=\"600\" height=\"395\" src=\"https:\/\/greenplay.com.br\/wp-content\/uploads\/2025\/05\/Dermatologia-2.jpg\" alt=\"\" class=\"wp-image-6374\" srcset=\"https:\/\/greenplay.com.br\/wp-content\/uploads\/2025\/05\/Dermatologia-2.jpg 600w, https:\/\/greenplay.com.br\/wp-content\/uploads\/2025\/05\/Dermatologia-2-300x198.jpg 300w, https:\/\/greenplay.com.br\/wp-content\/uploads\/2025\/05\/Dermatologia-2-18x12.jpg 18w\" sizes=\"(max-width: 600px) 100vw, 600px\" \/><\/figure>\n\n\n\n<p>Os impactos v\u00e3o al\u00e9m das emiss\u00f5es de carbono. Produtos qu\u00edmicos conhecidos como &#8220;forever chemicals&#8221; e micropl\u00e1sticos, frequentemente presentes em cosm\u00e9ticos e tratamentos t\u00f3picos, podem causar danos na pele e no meio ambiente, prejudicando at\u00e9 mesmo a sa\u00fade dos pacientes. Dermatologistas est\u00e3o come\u00e7ando a reconhecer esses riscos e sugerem reduzir o uso de pl\u00e1sticos descart\u00e1veis e optar por f\u00f3rmulas mais amig\u00e1veis ao ecossistema.<br><br>Algumas entidades dermatol\u00f3gicas ao redor do mundo j\u00e1 est\u00e3o se mobilizando. Grupos como a American Academy of Dermatology e a Sociedade Internacional de Dermatologia t\u00eam criado comiss\u00f5es e iniciativas para promover a conscientiza\u00e7\u00e3o e a forma\u00e7\u00e3o profissional em pr\u00e1ticas sustent\u00e1veis. Esses grupos lutam para adaptar a dermatologia a um cen\u00e1rio mais &#8220;verde&#8221;.<\/p>\n\n\n\n<figure class=\"wp-block-image size-full\"><img decoding=\"async\" width=\"600\" height=\"398\" src=\"https:\/\/greenplay.com.br\/wp-content\/uploads\/2025\/05\/Dermatologia-3.jpg\" alt=\"\" class=\"wp-image-6375\" srcset=\"https:\/\/greenplay.com.br\/wp-content\/uploads\/2025\/05\/Dermatologia-3.jpg 600w, https:\/\/greenplay.com.br\/wp-content\/uploads\/2025\/05\/Dermatologia-3-300x199.jpg 300w, https:\/\/greenplay.com.br\/wp-content\/uploads\/2025\/05\/Dermatologia-3-18x12.jpg 18w\" sizes=\"(max-width: 600px) 100vw, 600px\" \/><\/figure>\n\n\n\n<p>Tanto a adapta\u00e7\u00e3o quanto a mitiga\u00e7\u00e3o \u00e0s mudan\u00e7as clim\u00e1ticas s\u00e3o urgentes na dermatologia. Isso pode incluir comunica\u00e7\u00e3o direcionada para pacientes com condi\u00e7\u00f5es cr\u00f4nicas, bem como ajustar pr\u00e1ticas que reduzam o desperd\u00edcio. A mensagem dos especialistas \u00e9 clara: os dermatologistas precisam se envolver na discuss\u00e3o, aprender sobre sustentabilidade e exigir pol\u00edticas que incentivem a prote\u00e7\u00e3o ambiental e cuidam dos pacientes.<br><br>\u00c9 um esfor\u00e7o coletivo e interdisciplinar que vai al\u00e9m da cl\u00ednica. Dermatologistas devem permanecer informados e educar seus pacientes sobre a\u00e7\u00f5es ambientalmente respons\u00e1veis.<\/p>","protected":false},"excerpt":{"rendered":"<p>O impacto ambiental da dermatologia \u00e9 uma quest\u00e3o crescente, e especialistas defendem a necessidade de a\u00e7\u00f5es sustent\u00e1veis na pr\u00e1tica m\u00e9dica. A \u00e1rea da sa\u00fade contribui significativamente para as emiss\u00f5es globais [&hellip;]<\/p>\n","protected":false},"author":1,"featured_media":6373,"comment_status":"closed","ping_status":"closed","sticky":false,"template":"","format":"standard","meta":{"footnotes":""},"categories":[4],"tags":[1625,12,15,1626,17,9,10,1627,8,13,11,16,14],"class_list":["post-6372","post","type-post","status-publish","format-standard","has-post-thumbnail","hentry","category-noticias","tag-dermatogoliasustentavel","tag-ecologia","tag-greenplay","tag-musancasclimaticas","tag-noticiasdesustentabilidade","tag-qualidadedevida","tag-radiogreenfm","tag-saudeeclima","tag-sustentabilidade","tag-sustentabilidadeambiental","tag-sustentabilidadecriativa","tag-sustentabilidadenapratica","tag-vidasaudavel"],"_links":{"self":[{"href":"https:\/\/greenplay.com.br\/en\/wp-json\/wp\/v2\/posts\/6372","targetHints":{"allow":["GET"]}}],"collection":[{"href":"https:\/\/greenplay.com.br\/en\/wp-json\/wp\/v2\/posts"}],"about":[{"href":"https:\/\/greenplay.com.br\/en\/wp-json\/wp\/v2\/types\/post"}],"author":[{"embeddable":true,"href":"https:\/\/greenplay.com.br\/en\/wp-json\/wp\/v2\/users\/1"}],"replies":[{"embeddable":true,"href":"https:\/\/greenplay.com.br\/en\/wp-json\/wp\/v2\/comments?post=6372"}],"version-history":[{"count":1,"href":"https:\/\/greenplay.com.br\/en\/wp-json\/wp\/v2\/posts\/6372\/revisions"}],"predecessor-version":[{"id":6376,"href":"https:\/\/greenplay.com.br\/en\/wp-json\/wp\/v2\/posts\/6372\/revisions\/6376"}],"wp:featuredmedia":[{"embeddable":true,"href":"https:\/\/greenplay.com.br\/en\/wp-json\/wp\/v2\/media\/6373"}],"wp:attachment":[{"href":"https:\/\/greenplay.com.br\/en\/wp-json\/wp\/v2\/media?parent=6372"}],"wp:term":[{"taxonomy":"category","embeddable":true,"href":"https:\/\/greenplay.com.br\/en\/wp-json\/wp\/v2\/categories?post=6372"},{"taxonomy":"post_tag","embeddable":true,"href":"https:\/\/greenplay.com.br\/en\/wp-json\/wp\/v2\/tags?post=6372"}],"curies":[{"name":"wp","href":"https:\/\/api.w.org\/{rel}","templated":true}]}}