{"id":6401,"date":"2025-05-20T22:08:23","date_gmt":"2025-05-21T01:08:23","guid":{"rendered":"https:\/\/greenplay.tananuvem.com\/?p=6401"},"modified":"2025-05-20T22:08:25","modified_gmt":"2025-05-21T01:08:25","slug":"brasil-e-dinamarca-avancam-em-governo-digital-e-ia","status":"publish","type":"post","link":"https:\/\/greenplay.com.br\/en\/2025\/05\/brasil-e-dinamarca-avancam-em-governo-digital-e-ia\/","title":{"rendered":"Brasil e Dinamarca Avan\u00e7am em Governo Digital e IA"},"content":{"rendered":"<p>A ministra Esther Dweck liderou uma miss\u00e3o oficial do Minist\u00e9rio da Gest\u00e3o e da Inova\u00e7\u00e3o em Servi\u00e7os P\u00fablicos (MGI) \u00e0 Noruega e Dinamarca focada na moderniza\u00e7\u00e3o do Estado brasileiro, inclus\u00e3o digital e fortalecimento de pol\u00edticas p\u00fablicas ligadas \u00e0 sustentabilidade e inova\u00e7\u00e3o tecnol\u00f3gica. Na Noruega, o destaque foi a coopera\u00e7\u00e3o para modernizar o Cadastro Ambiental Rural (CAR), que ser\u00e1 transformado em uma infraestrutura p\u00fablica digital at\u00e9 a COP-30, facilitando o monitoramento ambiental e apoiando a produ\u00e7\u00e3o sustent\u00e1vel.<\/p>\n\n\n\n<figure class=\"wp-block-image size-full\"><img fetchpriority=\"high\" decoding=\"async\" width=\"600\" height=\"306\" src=\"https:\/\/greenplay.com.br\/wp-content\/uploads\/2025\/05\/Governo-Digital-2.jpg\" alt=\"\" class=\"wp-image-6403\" srcset=\"https:\/\/greenplay.com.br\/wp-content\/uploads\/2025\/05\/Governo-Digital-2.jpg 600w, https:\/\/greenplay.com.br\/wp-content\/uploads\/2025\/05\/Governo-Digital-2-300x153.jpg 300w, https:\/\/greenplay.com.br\/wp-content\/uploads\/2025\/05\/Governo-Digital-2-18x9.jpg 18w\" sizes=\"(max-width: 600px) 100vw, 600px\" \/><\/figure>\n\n\n\n<p>Em encontros com autoridades norueguesas, a ministra refor\u00e7ou a parceria estrat\u00e9gica para combater mudan\u00e7as clim\u00e1ticas e avan\u00e7ar na regulariza\u00e7\u00e3o fundi\u00e1ria, destacando o papel do CAR como ferramenta aberta e acess\u00edvel. O di\u00e1logo envolveu \u00f3rg\u00e3os ambientais, minist\u00e9rios de agricultura, governo local e digitaliza\u00e7\u00e3o, focando na cria\u00e7\u00e3o de Infraestruturas P\u00fablicas Digitais (DPIs). O MGI tamb\u00e9m ressaltou os diferenciais do Brasil na nova economia verde, como fontes renov\u00e1veis e biodiversidade.<br><br>Na Dinamarca, a agenda priorizou governo digital, com \u00eanfase em intelig\u00eancia artificial (IA) e servi\u00e7os p\u00fablicos centrados no cidad\u00e3o. A ministra discutiu com a deputada Lisbeth Bech-Nielsen os desafios regulat\u00f3rios da IA, seguran\u00e7a jur\u00eddica e inova\u00e7\u00e3o, al\u00e9m de apresentar a Caixa Postal <a href=\"http:\/\/GOV.BR\" rel=\"nofollow noopener\" target=\"_blank\">GOV.BR<\/a>, ferramenta inspirada no modelo dinamarqu\u00eas para comunica\u00e7\u00e3o segura entre governo e cidad\u00e3os. A visita possibilitou entender o ecossistema de transforma\u00e7\u00e3o digital dinamarqu\u00eas, baseado em parcerias p\u00fablico-privadas e inova\u00e7\u00e3o para melhorar servi\u00e7os p\u00fablicos.<\/p>\n\n\n\n<figure class=\"wp-block-image size-full\"><img decoding=\"async\" width=\"600\" height=\"338\" src=\"https:\/\/greenplay.com.br\/wp-content\/uploads\/2025\/05\/Governo-Digital-3.jpg\" alt=\"\" class=\"wp-image-6404\" srcset=\"https:\/\/greenplay.com.br\/wp-content\/uploads\/2025\/05\/Governo-Digital-3.jpg 600w, https:\/\/greenplay.com.br\/wp-content\/uploads\/2025\/05\/Governo-Digital-3-300x169.jpg 300w, https:\/\/greenplay.com.br\/wp-content\/uploads\/2025\/05\/Governo-Digital-3-18x10.jpg 18w\" sizes=\"(max-width: 600px) 100vw, 600px\" \/><\/figure>\n\n\n\n<p>A comitiva brasileira conheceu iniciativas avan\u00e7adas como o uso de IA para aprimoramento de imagens de sat\u00e9lite aplicadas ao combate ao desmatamento e gest\u00e3o territorial, al\u00e9m de trocar experi\u00eancias sobre infraestrutura nacional de dados fundi\u00e1rios e ambientais.<\/p>","protected":false},"excerpt":{"rendered":"<p>A ministra Esther Dweck liderou uma miss\u00e3o oficial do Minist\u00e9rio da Gest\u00e3o e da Inova\u00e7\u00e3o em Servi\u00e7os P\u00fablicos (MGI) \u00e0 Noruega e Dinamarca focada na moderniza\u00e7\u00e3o do Estado brasileiro, inclus\u00e3o [&hellip;]<\/p>\n","protected":false},"author":1,"featured_media":6402,"comment_status":"closed","ping_status":"closed","sticky":false,"template":"","format":"standard","meta":{"footnotes":""},"categories":[4],"tags":[12,1637,15,1635,1636,17,9,10,8,13,11,16,14],"class_list":["post-6401","post","type-post","status-publish","format-standard","has-post-thumbnail","hentry","category-noticias","tag-ecologia","tag-governodigital","tag-greenplay","tag-inclusaodigital","tag-modernizacaodoestado","tag-noticiasdesustentabilidade","tag-qualidadedevida","tag-radiogreenfm","tag-sustentabilidade","tag-sustentabilidadeambiental","tag-sustentabilidadecriativa","tag-sustentabilidadenapratica","tag-vidasaudavel"],"_links":{"self":[{"href":"https:\/\/greenplay.com.br\/en\/wp-json\/wp\/v2\/posts\/6401","targetHints":{"allow":["GET"]}}],"collection":[{"href":"https:\/\/greenplay.com.br\/en\/wp-json\/wp\/v2\/posts"}],"about":[{"href":"https:\/\/greenplay.com.br\/en\/wp-json\/wp\/v2\/types\/post"}],"author":[{"embeddable":true,"href":"https:\/\/greenplay.com.br\/en\/wp-json\/wp\/v2\/users\/1"}],"replies":[{"embeddable":true,"href":"https:\/\/greenplay.com.br\/en\/wp-json\/wp\/v2\/comments?post=6401"}],"version-history":[{"count":1,"href":"https:\/\/greenplay.com.br\/en\/wp-json\/wp\/v2\/posts\/6401\/revisions"}],"predecessor-version":[{"id":6405,"href":"https:\/\/greenplay.com.br\/en\/wp-json\/wp\/v2\/posts\/6401\/revisions\/6405"}],"wp:featuredmedia":[{"embeddable":true,"href":"https:\/\/greenplay.com.br\/en\/wp-json\/wp\/v2\/media\/6402"}],"wp:attachment":[{"href":"https:\/\/greenplay.com.br\/en\/wp-json\/wp\/v2\/media?parent=6401"}],"wp:term":[{"taxonomy":"category","embeddable":true,"href":"https:\/\/greenplay.com.br\/en\/wp-json\/wp\/v2\/categories?post=6401"},{"taxonomy":"post_tag","embeddable":true,"href":"https:\/\/greenplay.com.br\/en\/wp-json\/wp\/v2\/tags?post=6401"}],"curies":[{"name":"wp","href":"https:\/\/api.w.org\/{rel}","templated":true}]}}