{"id":6629,"date":"2025-06-20T21:43:35","date_gmt":"2025-06-21T00:43:35","guid":{"rendered":"https:\/\/greenplay.tananuvem.com\/?p=6629"},"modified":"2025-06-21T22:06:20","modified_gmt":"2025-06-22T01:06:20","slug":"blumenau-promove-mais-de-150-acoes-sustentaveis-durante-junho-verde","status":"publish","type":"post","link":"https:\/\/greenplay.com.br\/en\/2025\/06\/blumenau-promove-mais-de-150-acoes-sustentaveis-durante-junho-verde\/","title":{"rendered":"Blumenau Promove Mais de 150 A\u00e7\u00f5es Sustent\u00e1veis Durante Junho Verde"},"content":{"rendered":"<p>Na capital de Santa Catarina, a preserva\u00e7\u00e3o ambiental come\u00e7a pela educa\u00e7\u00e3o, especialmente durante o Junho Verde, m\u00eas dedicado a a\u00e7\u00f5es sustent\u00e1veis promovidas pela Prefeitura. A edi\u00e7\u00e3o de 2025 contar\u00e1 com mais de 150 atividades, a partir do Dia Mundial do Meio Ambiente, em 5 de junho. A proposta \u00e9 levar oficinas, caminhadas ecol\u00f3gicas, plantios e palestras a escolas, comunidades e espa\u00e7os p\u00fablicos, com \u00eanfase na forma\u00e7\u00e3o de uma consci\u00eancia ambiental desde cedo.<\/p>\n\n\n\n<figure class=\"wp-block-image size-full\"><img fetchpriority=\"high\" decoding=\"async\" width=\"600\" height=\"338\" src=\"https:\/\/greenplay.com.br\/wp-content\/uploads\/2025\/06\/Junho-Verde-3.jpg\" alt=\"\" class=\"wp-image-6633\" srcset=\"https:\/\/greenplay.com.br\/wp-content\/uploads\/2025\/06\/Junho-Verde-3.jpg 600w, https:\/\/greenplay.com.br\/wp-content\/uploads\/2025\/06\/Junho-Verde-3-300x169.jpg 300w, https:\/\/greenplay.com.br\/wp-content\/uploads\/2025\/06\/Junho-Verde-3-18x10.jpg 18w\" sizes=\"(max-width: 600px) 100vw, 600px\" \/><\/figure>\n\n\n\n<p>Entre os projetos em destaque est\u00e1 o Guardi\u00f5es da Natureza, voltado a estudantes do ensino fundamental, com encontros te\u00f3ricos e pr\u00e1ticos realizados no contraturno escolar. As atividades, iniciadas em abril, buscam formar crian\u00e7as e adolescentes como multiplicadores ambientais, capazes de levar os conhecimentos adquiridos para suas casas e comunidades. O programa j\u00e1 passou por v\u00e1rias escolas e seguir\u00e1 at\u00e9 dezembro.<br><br>A cidade tamb\u00e9m oferece oficinas abertas \u00e0 popula\u00e7\u00e3o, abordando temas como compostagem, hortas urbanas e consumo consciente. Oficinas espec\u00edficas para o p\u00fablico infantil, como \u201cDivers\u00e3o e Sustentabilidade\u201d, utilizam atividades l\u00fadicas para ensinar sobre separa\u00e7\u00e3o de lixo e biodiversidade. A proposta \u00e9 tornar a educa\u00e7\u00e3o ambiental acess\u00edvel, conectando teoria e pr\u00e1tica ao dia a dia da popula\u00e7\u00e3o.<br><br>Al\u00e9m das a\u00e7\u00f5es de junho, Blumenau j\u00e1 promove atividades ao longo do ano. Em setembro de 2024, por exemplo, a cidade realizou a Semana da \u00c1gua, com foco em seguran\u00e7a h\u00eddrica e mudan\u00e7as clim\u00e1ticas. A programa\u00e7\u00e3o incluiu oficinas em creches e escolas, refor\u00e7ando a import\u00e2ncia do uso respons\u00e1vel dos recursos h\u00eddricos e sua preserva\u00e7\u00e3o para o futuro.<br><br>A expectativa \u00e9 que o Junho Verde consolide pr\u00e1ticas que j\u00e1 est\u00e3o dando resultados, como maior ades\u00e3o \u00e0 coleta seletiva, expans\u00e3o de hortas escolares e participa\u00e7\u00e3o ativa da popula\u00e7\u00e3o em a\u00e7\u00f5es de cuidado com o planeta.<\/p>","protected":false},"excerpt":{"rendered":"<p>Na capital de Santa Catarina, a preserva\u00e7\u00e3o ambiental come\u00e7a pela educa\u00e7\u00e3o, especialmente durante o Junho Verde, m\u00eas dedicado a a\u00e7\u00f5es sustent\u00e1veis promovidas pela Prefeitura. A edi\u00e7\u00e3o de 2025 contar\u00e1 com [&hellip;]<\/p>\n","protected":false},"author":1,"featured_media":6632,"comment_status":"closed","ping_status":"closed","sticky":false,"template":"","format":"standard","meta":{"footnotes":""},"categories":[4],"tags":[1695,12,659,15,1696,17,9,10,8,13,11,16,14],"class_list":["post-6629","post","type-post","status-publish","format-standard","has-post-thumbnail","hentry","category-noticias","tag-blumenauverde","tag-ecologia","tag-educacaoambiental-2","tag-greenplay","tag-junhoverde2025","tag-noticiasdesustentabilidade","tag-qualidadedevida","tag-radiogreenfm","tag-sustentabilidade","tag-sustentabilidadeambiental","tag-sustentabilidadecriativa","tag-sustentabilidadenapratica","tag-vidasaudavel"],"_links":{"self":[{"href":"https:\/\/greenplay.com.br\/en\/wp-json\/wp\/v2\/posts\/6629","targetHints":{"allow":["GET"]}}],"collection":[{"href":"https:\/\/greenplay.com.br\/en\/wp-json\/wp\/v2\/posts"}],"about":[{"href":"https:\/\/greenplay.com.br\/en\/wp-json\/wp\/v2\/types\/post"}],"author":[{"embeddable":true,"href":"https:\/\/greenplay.com.br\/en\/wp-json\/wp\/v2\/users\/1"}],"replies":[{"embeddable":true,"href":"https:\/\/greenplay.com.br\/en\/wp-json\/wp\/v2\/comments?post=6629"}],"version-history":[{"count":1,"href":"https:\/\/greenplay.com.br\/en\/wp-json\/wp\/v2\/posts\/6629\/revisions"}],"predecessor-version":[{"id":6634,"href":"https:\/\/greenplay.com.br\/en\/wp-json\/wp\/v2\/posts\/6629\/revisions\/6634"}],"wp:featuredmedia":[{"embeddable":true,"href":"https:\/\/greenplay.com.br\/en\/wp-json\/wp\/v2\/media\/6632"}],"wp:attachment":[{"href":"https:\/\/greenplay.com.br\/en\/wp-json\/wp\/v2\/media?parent=6629"}],"wp:term":[{"taxonomy":"category","embeddable":true,"href":"https:\/\/greenplay.com.br\/en\/wp-json\/wp\/v2\/categories?post=6629"},{"taxonomy":"post_tag","embeddable":true,"href":"https:\/\/greenplay.com.br\/en\/wp-json\/wp\/v2\/tags?post=6629"}],"curies":[{"name":"wp","href":"https:\/\/api.w.org\/{rel}","templated":true}]}}