{"id":6692,"date":"2025-06-27T22:09:57","date_gmt":"2025-06-28T01:09:57","guid":{"rendered":"https:\/\/greenplay.tananuvem.com\/?p=6692"},"modified":"2025-06-29T22:14:34","modified_gmt":"2025-06-30T01:14:34","slug":"evento-em-barreiras-integra-cultura-geracao-de-renda-e-preservacao-ambiental","status":"publish","type":"post","link":"https:\/\/greenplay.com.br\/en\/2025\/06\/evento-em-barreiras-integra-cultura-geracao-de-renda-e-preservacao-ambiental\/","title":{"rendered":"Evento em Barreiras Integra Cultura, Gera\u00e7\u00e3o de Renda e Preserva\u00e7\u00e3o Ambiental"},"content":{"rendered":"<p>O S\u00e3o Jo\u00e3o de Barreiras destaca-se por integrar sustentabilidade e inclus\u00e3o social durante a tradicional festa junina da cidade. Por meio do projeto Recicla Mais Barreiras, em parceria com o programa Arrai\u00e1 Sustent\u00e1vel e Solid\u00e1rio do Governo da Bahia, a Rede Recicla Bahia e a Associa\u00e7\u00e3o de Catadores Nova Esperan\u00e7a, o evento promove a\u00e7\u00f5es de reciclagem e gera\u00e7\u00e3o de renda para catadores locais, refor\u00e7ando o compromisso ambiental e social do munic\u00edpio.<\/p>\n\n\n\n<figure class=\"wp-block-image size-full\"><img fetchpriority=\"high\" decoding=\"async\" width=\"600\" height=\"338\" src=\"https:\/\/greenplay.com.br\/wp-content\/uploads\/2025\/06\/Evento-2.jpg\" alt=\"\" class=\"wp-image-6694\" srcset=\"https:\/\/greenplay.com.br\/wp-content\/uploads\/2025\/06\/Evento-2.jpg 600w, https:\/\/greenplay.com.br\/wp-content\/uploads\/2025\/06\/Evento-2-300x169.jpg 300w, https:\/\/greenplay.com.br\/wp-content\/uploads\/2025\/06\/Evento-2-18x10.jpg 18w\" sizes=\"(max-width: 600px) 100vw, 600px\" \/><\/figure>\n\n\n\n<p>Cem catadores, entre aut\u00f4nomos e membros da Associa\u00e7\u00e3o Nova Esperan\u00e7a \u2014 formada por ex-catadores do antigo lix\u00e3o de Barreiras \u2014 atuam na coleta seletiva durante toda a festa. Essa iniciativa oferece renda, visibilidade e valoriza\u00e7\u00e3o social a esses trabalhadores, al\u00e9m de contribuir diretamente para a efetiva\u00e7\u00e3o das leis que regulam a gest\u00e3o de res\u00edduos s\u00f3lidos, promovendo a economia solid\u00e1ria e a consci\u00eancia ambiental.<br><br>A coleta seletiva \u00e9 realizada diariamente, garantindo que os materiais recicl\u00e1veis n\u00e3o sejam descartados no meio ambiente. Isso reduz o volume de res\u00edduos enviados para aterros sanit\u00e1rios e fortalece a cadeia da reciclagem na cidade, gerando impacto econ\u00f4mico positivo para os catadores e beneficiando toda a comunidade local.<br><br>O prefeito Otoniel Teixeira destacou a import\u00e2ncia da uni\u00e3o entre cultura, gera\u00e7\u00e3o de renda e sustentabilidade na realiza\u00e7\u00e3o de eventos como o S\u00e3o Jo\u00e3o de Barreiras. Para ele, essa combina\u00e7\u00e3o mostra que \u00e9 poss\u00edvel promover grandes festas respeitando o meio ambiente e criando oportunidades para os moradores da regi\u00e3o.<br><br>Al\u00e9m de celebrar a tradi\u00e7\u00e3o junina, o S\u00e3o Jo\u00e3o de Barreiras deixa um legado duradouro de responsabilidade social e ambiental. O evento une tradi\u00e7\u00e3o e inova\u00e7\u00e3o, consolidando Barreiras como refer\u00eancia na realiza\u00e7\u00e3o de festivais conscientes, inclusivos e que valorizam tanto as pessoas quanto o planeta.<\/p>","protected":false},"excerpt":{"rendered":"<p>O S\u00e3o Jo\u00e3o de Barreiras destaca-se por integrar sustentabilidade e inclus\u00e3o social durante a tradicional festa junina da cidade. Por meio do projeto Recicla Mais Barreiras, em parceria com o [&hellip;]<\/p>\n","protected":false},"author":1,"featured_media":6693,"comment_status":"closed","ping_status":"closed","sticky":false,"template":"","format":"standard","meta":{"footnotes":""},"categories":[4],"tags":[12,1717,15,1214,17,9,10,217,1716,8,13,11,16,14],"class_list":["post-6692","post","type-post","status-publish","format-standard","has-post-thumbnail","hentry","category-noticias","tag-ecologia","tag-economiasolidaria","tag-greenplay","tag-inclusaosocial","tag-noticiasdesustentabilidade","tag-qualidadedevida","tag-radiogreenfm","tag-reciclagem","tag-saojoaodebarreiras","tag-sustentabilidade","tag-sustentabilidadeambiental","tag-sustentabilidadecriativa","tag-sustentabilidadenapratica","tag-vidasaudavel"],"_links":{"self":[{"href":"https:\/\/greenplay.com.br\/en\/wp-json\/wp\/v2\/posts\/6692","targetHints":{"allow":["GET"]}}],"collection":[{"href":"https:\/\/greenplay.com.br\/en\/wp-json\/wp\/v2\/posts"}],"about":[{"href":"https:\/\/greenplay.com.br\/en\/wp-json\/wp\/v2\/types\/post"}],"author":[{"embeddable":true,"href":"https:\/\/greenplay.com.br\/en\/wp-json\/wp\/v2\/users\/1"}],"replies":[{"embeddable":true,"href":"https:\/\/greenplay.com.br\/en\/wp-json\/wp\/v2\/comments?post=6692"}],"version-history":[{"count":1,"href":"https:\/\/greenplay.com.br\/en\/wp-json\/wp\/v2\/posts\/6692\/revisions"}],"predecessor-version":[{"id":6695,"href":"https:\/\/greenplay.com.br\/en\/wp-json\/wp\/v2\/posts\/6692\/revisions\/6695"}],"wp:featuredmedia":[{"embeddable":true,"href":"https:\/\/greenplay.com.br\/en\/wp-json\/wp\/v2\/media\/6693"}],"wp:attachment":[{"href":"https:\/\/greenplay.com.br\/en\/wp-json\/wp\/v2\/media?parent=6692"}],"wp:term":[{"taxonomy":"category","embeddable":true,"href":"https:\/\/greenplay.com.br\/en\/wp-json\/wp\/v2\/categories?post=6692"},{"taxonomy":"post_tag","embeddable":true,"href":"https:\/\/greenplay.com.br\/en\/wp-json\/wp\/v2\/tags?post=6692"}],"curies":[{"name":"wp","href":"https:\/\/api.w.org\/{rel}","templated":true}]}}